{"id":96,"date":"2009-05-17T17:39:15","date_gmt":"2009-05-17T15:39:15","guid":{"rendered":"http:\/\/www.saupe-thom.de\/fotobuch\/?p=96"},"modified":"2009-05-17T17:41:59","modified_gmt":"2009-05-17T15:41:59","slug":"die-deutsche-palme","status":"publish","type":"post","link":"https:\/\/www.saupe-thom.de\/fotobuch\/?p=96","title":{"rendered":"die deutsche Palme"},"content":{"rendered":"<div id=\"attachment_98\" style=\"width: 410px\" class=\"wp-caption aligncenter\"><a href=\"https:\/\/www.saupe-thom.de\/fotobuch\/wp-content\/\/img_1654.jpg\" target=\"_blank\" rel=\"lightbox[96]\"><img loading=\"lazy\" decoding=\"async\" aria-describedby=\"caption-attachment-98\" class=\"size-thumbnail wp-image-98\" title=\"eine deutsche Palme\" src=\"https:\/\/www.saupe-thom.de\/fotobuch\/wp-content\/\/img_1654-400x400.jpg\" alt=\"eine deutsche Palme\" width=\"400\" height=\"400\" \/><\/a><p id=\"caption-attachment-98\" class=\"wp-caption-text\">eine deutsche Palme<\/p><\/div>\n<p>So sieht sie aus, eine echte deutsche Palme. Sie ist in der Lage den rauhen Witterungsbedingungen zu trotzen. Na ja, viel her macht sie nicht, kann sich mit den Palmen im S\u00fcden der Erdkugel nicht messen, aber jedes Gebilde hat seine eigene Sch\u00f6nheit.<br \/>\nLeider ist dieses Prachtst\u00fcck nun auch schon der Kettens\u00e4ge zum Opfer gefallen. Ich sage nur &#8222;ruhe in Frieden&#8220;.<\/p>\n","protected":false},"excerpt":{"rendered":"<p>So sieht sie aus, eine echte deutsche Palme. Sie ist in der Lage den rauhen Witterungsbedingungen zu trotzen. Na ja, viel her macht sie nicht, kann sich mit den Palmen im S\u00fcden der Erdkugel nicht messen, aber jedes Gebilde hat seine eigene Sch\u00f6nheit. Leider ist dieses Prachtst\u00fcck nun auch schon der Kettens\u00e4ge zum Opfer gefallen. [&hellip;]<\/p>\n","protected":false},"author":1,"featured_media":0,"comment_status":"open","ping_status":"open","sticky":false,"template":"","format":"standard","meta":{"footnotes":""},"categories":[4],"tags":[],"class_list":["post-96","post","type-post","status-publish","format-standard","hentry","category-natur"],"_links":{"self":[{"href":"https:\/\/www.saupe-thom.de\/fotobuch\/index.php?rest_route=\/wp\/v2\/posts\/96","targetHints":{"allow":["GET"]}}],"collection":[{"href":"https:\/\/www.saupe-thom.de\/fotobuch\/index.php?rest_route=\/wp\/v2\/posts"}],"about":[{"href":"https:\/\/www.saupe-thom.de\/fotobuch\/index.php?rest_route=\/wp\/v2\/types\/post"}],"author":[{"embeddable":true,"href":"https:\/\/www.saupe-thom.de\/fotobuch\/index.php?rest_route=\/wp\/v2\/users\/1"}],"replies":[{"embeddable":true,"href":"https:\/\/www.saupe-thom.de\/fotobuch\/index.php?rest_route=%2Fwp%2Fv2%2Fcomments&post=96"}],"version-history":[{"count":6,"href":"https:\/\/www.saupe-thom.de\/fotobuch\/index.php?rest_route=\/wp\/v2\/posts\/96\/revisions"}],"predecessor-version":[{"id":103,"href":"https:\/\/www.saupe-thom.de\/fotobuch\/index.php?rest_route=\/wp\/v2\/posts\/96\/revisions\/103"}],"wp:attachment":[{"href":"https:\/\/www.saupe-thom.de\/fotobuch\/index.php?rest_route=%2Fwp%2Fv2%2Fmedia&parent=96"}],"wp:term":[{"taxonomy":"category","embeddable":true,"href":"https:\/\/www.saupe-thom.de\/fotobuch\/index.php?rest_route=%2Fwp%2Fv2%2Fcategories&post=96"},{"taxonomy":"post_tag","embeddable":true,"href":"https:\/\/www.saupe-thom.de\/fotobuch\/index.php?rest_route=%2Fwp%2Fv2%2Ftags&post=96"}],"curies":[{"name":"wp","href":"https:\/\/api.w.org\/{rel}","templated":true}]}}