{"id":191,"date":"2009-09-09T22:35:55","date_gmt":"2009-09-09T21:35:55","guid":{"rendered":"http:\/\/www.saupe-thom.de\/fotobuch\/?p=191"},"modified":"2011-10-18T16:15:47","modified_gmt":"2011-10-18T15:15:47","slug":"good-bye","status":"publish","type":"post","link":"https:\/\/www.saupe-thom.de\/fotobuch\/?p=191","title":{"rendered":"Good Bye"},"content":{"rendered":"<div id=\"attachment_194\" style=\"width: 301px\" class=\"wp-caption aligncenter\"><a href=\"https:\/\/www.saupe-thom.de\/fotobuch\/wp-content\/\/IMG_2143.jpg\" rel=\"lightbox[191]\"><img loading=\"lazy\" decoding=\"async\" aria-describedby=\"caption-attachment-194\" class=\"size-medium wp-image-194\" title=\"Die Drei\" src=\"https:\/\/www.saupe-thom.de\/fotobuch\/wp-content\/\/IMG_2143-291x400.jpg\" alt=\"Die Drei\" width=\"291\" height=\"400\" srcset=\"https:\/\/www.saupe-thom.de\/fotobuch\/wp-content\/IMG_2143-291x400.jpg 291w, https:\/\/www.saupe-thom.de\/fotobuch\/wp-content\/IMG_2143.jpg 870w\" sizes=\"auto, (max-width: 291px) 100vw, 291px\" \/><\/a><p id=\"caption-attachment-194\" class=\"wp-caption-text\">Die Drei<\/p><\/div>\n<div id=\"attachment_196\" style=\"width: 271px\" class=\"wp-caption aligncenter\"><a href=\"https:\/\/www.saupe-thom.de\/fotobuch\/wp-content\/\/Schornstein2.jpg\" rel=\"lightbox[191]\"><img loading=\"lazy\" decoding=\"async\" aria-describedby=\"caption-attachment-196\" class=\"size-medium wp-image-196\" title=\"Die Drei - Update 13.09.09\" src=\"https:\/\/www.saupe-thom.de\/fotobuch\/wp-content\/\/Schornstein2-261x400.jpg\" alt=\"Die Drei - Update 13.09.09\" width=\"261\" height=\"400\" srcset=\"https:\/\/www.saupe-thom.de\/fotobuch\/wp-content\/Schornstein2-261x400.jpg 261w, https:\/\/www.saupe-thom.de\/fotobuch\/wp-content\/Schornstein2.jpg 584w\" sizes=\"auto, (max-width: 261px) 100vw, 261px\" \/><\/a><p id=\"caption-attachment-196\" class=\"wp-caption-text\">Die Drei - Update 13.09.09<\/p><\/div>\n<p>Wie man unschwer erkennen kann, der Abriss der sogenannten &#8222;Wahrzeichen von Gera&#8220; hat bereits begonnen. Mit aufwendiger Technik werden die 3 Schornsteine zur\u00fcck gebaut.<br \/>\nAuch wenn B\u00fcrgerbewegungen den Abriss dieser Erkennungsmerkmale verhindern wollten, so hat doch die Notwendigkeit die Oberhand gewonnen. Die nicht aufbringbaren finanziellen Mittel zur Erhaltung dieses &#8222;Wahrzeichen&#8220; \u00fcbersteigen die Kosten des Abrisses bei Weitem.<br \/>\nDer Reisende, der die Ann\u00e4herung an Gera daran erkannte, wird sich mit der fehlenden Orientierungsm\u00f6glichkeit abfinden m\u00fcssen.<\/p>\n","protected":false},"excerpt":{"rendered":"<p>Wie man unschwer erkennen kann, der Abriss der sogenannten &#8222;Wahrzeichen von Gera&#8220; hat bereits begonnen. Mit aufwendiger Technik werden die 3 Schornsteine zur\u00fcck gebaut. Auch wenn B\u00fcrgerbewegungen den Abriss dieser Erkennungsmerkmale verhindern wollten, so hat doch die Notwendigkeit die Oberhand gewonnen. Die nicht aufbringbaren finanziellen Mittel zur Erhaltung dieses &#8222;Wahrzeichen&#8220; \u00fcbersteigen die Kosten des Abrisses [&hellip;]<\/p>\n","protected":false},"author":1,"featured_media":0,"comment_status":"closed","ping_status":"closed","sticky":false,"template":"","format":"standard","meta":{"footnotes":""},"categories":[1],"tags":[12],"class_list":["post-191","post","type-post","status-publish","format-standard","hentry","category-allgemeines","tag-wahrzeichen"],"_links":{"self":[{"href":"https:\/\/www.saupe-thom.de\/fotobuch\/index.php?rest_route=\/wp\/v2\/posts\/191","targetHints":{"allow":["GET"]}}],"collection":[{"href":"https:\/\/www.saupe-thom.de\/fotobuch\/index.php?rest_route=\/wp\/v2\/posts"}],"about":[{"href":"https:\/\/www.saupe-thom.de\/fotobuch\/index.php?rest_route=\/wp\/v2\/types\/post"}],"author":[{"embeddable":true,"href":"https:\/\/www.saupe-thom.de\/fotobuch\/index.php?rest_route=\/wp\/v2\/users\/1"}],"replies":[{"embeddable":true,"href":"https:\/\/www.saupe-thom.de\/fotobuch\/index.php?rest_route=%2Fwp%2Fv2%2Fcomments&post=191"}],"version-history":[{"count":7,"href":"https:\/\/www.saupe-thom.de\/fotobuch\/index.php?rest_route=\/wp\/v2\/posts\/191\/revisions"}],"predecessor-version":[{"id":365,"href":"https:\/\/www.saupe-thom.de\/fotobuch\/index.php?rest_route=\/wp\/v2\/posts\/191\/revisions\/365"}],"wp:attachment":[{"href":"https:\/\/www.saupe-thom.de\/fotobuch\/index.php?rest_route=%2Fwp%2Fv2%2Fmedia&parent=191"}],"wp:term":[{"taxonomy":"category","embeddable":true,"href":"https:\/\/www.saupe-thom.de\/fotobuch\/index.php?rest_route=%2Fwp%2Fv2%2Fcategories&post=191"},{"taxonomy":"post_tag","embeddable":true,"href":"https:\/\/www.saupe-thom.de\/fotobuch\/index.php?rest_route=%2Fwp%2Fv2%2Ftags&post=191"}],"curies":[{"name":"wp","href":"https:\/\/api.w.org\/{rel}","templated":true}]}}